{"id":5088,"date":"2019-04-30T14:01:51","date_gmt":"2019-04-30T14:01:51","guid":{"rendered":"https:\/\/parcel.one\/?p=5088"},"modified":"2021-10-22T11:40:48","modified_gmt":"2021-10-22T11:40:48","slug":"jtl-partnerconvention-2019-bonn","status":"publish","type":"post","link":"https:\/\/parcel.one\/es\/jtl-partnerconvention-2019-bonn","title":{"rendered":"JTL Partnerconvention 2019 | Bonn"},"content":{"rendered":"<p>Un breve informe de nuestro Director de Ventas <strong>Mardoccheo Bibbo.<\/strong><\/p>\n<p><!--more--><\/p>\n<p>Al igual que el a\u00f1o pasado, la s\u00e9ptima reuni\u00f3n de los socios de servicios de JTL tambi\u00e9n tuvo lugar en el Hotel Kameha Grand de Bonn. La ubicaci\u00f3n del estilo de vida en el Bonner Bogen, que se describe a s\u00ed mismo como un &#8220;lugar favorito para los emprendedores y la gente creativa&#8221;, proporcion\u00f3 el tel\u00f3n de fondo perfecto para la Convenci\u00f3n de Socios de JTL 2019..<\/p>\n\n<div >\n\n\n    \n    <div class=\"uk-grid uk-text-left uk-flex-middle\" uk-margin=\"margin: uk-margin-top\">\n\n                <div class=\"uk-width-1-2@m uk-text-center\" >\n            <div class=\"uk-inline-clip uk-transition-toggle \"><img decoding=\"async\" src=\"\/wp-content\/uploads\/2019\/03\/MicrosoftTeams-image-9.jpg\" alt=\"JTL Partnerconvention 2019\"><\/div>        <\/div>\n        \n                <div class=\"uk-width-1-2@m\" >\n            <div class=\"uk-panel uk-padding uk-width-1-1\">\n\n                \n                \n                                <div class=\"uk-margin\"><p>Mehr als 250 Teilnehmer folgten der Einladung und sicherten sich so exklusive Einblicke in die Projekte von JTL. Au\u00dferdem bekamen sie die neuesten Updates und Informationen zur Entwicklung des Partnernetzwerks.<\/p>\n<p>Auch <span style=\"font-size: 20px;\">PARCEL.ONE<\/span> <span style=\"font-weight: 400;\">war vor Ort, konnte sich so einen \u00dcberblick \u00fcber Neuerungen verschaffen und mit vielen Partnern austauschen.<\/span><\/p><\/div>\n                \n                \n                \n            <\/div>\n        <\/div>\n        \n    <\/div>\n\n    \n\n    \n    <div class=\"uk-grid uk-text-left uk-flex-middle\" uk-margin=\"margin: uk-margin-top\">\n\n                <div class=\"uk-width-1-2@m uk-text-center uk-flex-last@m\" >\n            <div class=\"uk-inline-clip uk-transition-toggle \"><img decoding=\"async\" src=\"\/wp-content\/uploads\/2019\/03\/chuttersnap-485281-unsplash.jpg\" alt=\"Pakete Amazon Ebay Crossborder\"><\/div>        <\/div>\n        \n                <div class=\"uk-width-1-2@m\" >\n            <div class=\"uk-panel uk-padding uk-width-1-1\">\n\n                \n                \n                                <div class=\"uk-margin\"><p style=\"text-align: left;\"><strong>WTF <\/strong>(What the Fact!)<\/p>\n<p>\u00a0<\/p>\n<p style=\"text-align: left;\">Wieviel Pakete werden bei Amazon und eBay t\u00e4glich \u00fcber JTL verkauft?<\/p>\n<p>\u00a0<\/p>\n<p>\u00a0<\/p>\n<h1 style=\"text-align: left;\"><br \/><span style=\"font-size: 32px;\">300.000<\/span><\/h1><\/div>\n                \n                \n                \n            <\/div>\n        <\/div>\n        \n    <\/div>\n\n    \n\n<\/div>\n\n<p>El director gerente Thomas Lisson comenz\u00f3 a las 9:00 a.m. con su discurso de apertura, seguido de varios oradores sobre los temas &#8220;Service Partner Network&#8221;, &#8220;Training&#8221;, &#8220;JTL Store Marketplace&#8221; y el nuevo &#8220;JTL Shop 5&#8221;.<\/p>\n<p>Las presentaciones fueron orientadas desde una \u00f3ptica t\u00e9cnica y fueron muy bien recibidas por los socios de servicio actuales.<\/p>\n<p>Se hizo particularmente interesante cuando se trataron los desaf\u00edos que enfrentaba JTL y lo que est\u00e1 planeado en cooperaci\u00f3n con los socios en las \u00e1reas de apoyo, comisiones, actualizaciones e innovaciones. Otro enfoque es el &#8220;Proyecto de Red de Cumplimiento de JTL&#8221;, que se ampliar\u00e1 a\u00fan m\u00e1s.<\/p>\n<p>El tema &#8220;Trade &amp;amp; Logistics Key Figures&#8221; en el Track &amp;amp; Trace nos result\u00f3 especialmente interesante. Nos enteramos del n\u00famero de paquetes vendidos en Amazon y eBay a trav\u00e9s de JTL: 300.000 por d\u00eda. Sin embargo, en nuestra opini\u00f3n, el tema podr\u00eda haberse tratado con m\u00e1s detalle desde el principio.<\/p>\n<p>En general, fue un evento muy exitoso y nos alegr\u00f3 mucho la invitaci\u00f3n, especialmente porque hubo grandes oportunidades para establecer contactos despu\u00e9s del evento<\/p>\n","protected":false},"excerpt":{"rendered":"<p>Un breve informe de nuestro Director de Ventas Mardoccheo Bibbo.<\/p>\n","protected":false},"author":1,"featured_media":5090,"comment_status":"closed","ping_status":"closed","sticky":false,"template":"","format":"standard","meta":{"footnotes":""},"categories":[95],"tags":[62],"class_list":["post-5088","post","type-post","status-publish","format-standard","has-post-thumbnail","hentry","category-events-es","tag-jtl"],"_links":{"self":[{"href":"https:\/\/parcel.one\/es\/wp-json\/wp\/v2\/posts\/5088","targetHints":{"allow":["GET"]}}],"collection":[{"href":"https:\/\/parcel.one\/es\/wp-json\/wp\/v2\/posts"}],"about":[{"href":"https:\/\/parcel.one\/es\/wp-json\/wp\/v2\/types\/post"}],"author":[{"embeddable":true,"href":"https:\/\/parcel.one\/es\/wp-json\/wp\/v2\/users\/1"}],"replies":[{"embeddable":true,"href":"https:\/\/parcel.one\/es\/wp-json\/wp\/v2\/comments?post=5088"}],"version-history":[{"count":0,"href":"https:\/\/parcel.one\/es\/wp-json\/wp\/v2\/posts\/5088\/revisions"}],"wp:featuredmedia":[{"embeddable":true,"href":"https:\/\/parcel.one\/es\/wp-json\/wp\/v2\/media\/5090"}],"wp:attachment":[{"href":"https:\/\/parcel.one\/es\/wp-json\/wp\/v2\/media?parent=5088"}],"wp:term":[{"taxonomy":"category","embeddable":true,"href":"https:\/\/parcel.one\/es\/wp-json\/wp\/v2\/categories?post=5088"},{"taxonomy":"post_tag","embeddable":true,"href":"https:\/\/parcel.one\/es\/wp-json\/wp\/v2\/tags?post=5088"}],"curies":[{"name":"wp","href":"https:\/\/api.w.org\/{rel}","templated":true}]}}